{"id":5214,"date":"2023-03-22T16:19:12","date_gmt":"2023-03-22T21:19:12","guid":{"rendered":"https:\/\/blog.vumigroup.com\/?p=5214"},"modified":"2024-07-02T23:01:27","modified_gmt":"2024-07-03T04:01:27","slug":"o-que-acontece-se-eu-sofrer-um-acidente-e-meu-seguro-de-saude-estiver-em-periodo-de-carencia","status":"publish","type":"post","link":"https:\/\/blog.vumigroup.com\/pt-pt\/o-que-acontece-se-eu-sofrer-um-acidente-e-meu-seguro-de-saude-estiver-em-periodo-de-carencia\/","title":{"rendered":"O que acontece se eu sofrer um acidente e meu seguro de sa\u00fade estiver em per\u00edodo de car\u00eancia?"},"content":{"rendered":"\t\t<div data-elementor-type=\"wp-post\" data-elementor-id=\"5214\" class=\"elementor elementor-5214 elementor-5171\" data-elementor-settings=\"{&quot;ha_cmc_init_switcher&quot;:&quot;no&quot;}\" data-elementor-post-type=\"post\">\n\t\t\t\t\t\t<section class=\"elementor-section elementor-top-section elementor-element elementor-element-5970160 elementor-section-boxed elementor-section-height-default elementor-section-height-default elementor-invisible\" data-id=\"5970160\" data-element_type=\"section\" data-e-type=\"section\" data-settings=\"{&quot;animation&quot;:&quot;fadeIn&quot;,&quot;_ha_eqh_enable&quot;:false}\">\n\t\t\t\t\t\t<div class=\"elementor-container elementor-column-gap-default\">\n\t\t\t\t\t<div class=\"elementor-column elementor-col-100 elementor-top-column elementor-element elementor-element-b3161ac\" data-id=\"b3161ac\" data-element_type=\"column\" data-e-type=\"column\">\n\t\t\t<div class=\"elementor-widget-wrap elementor-element-populated\">\n\t\t\t\t\t\t<div class=\"elementor-element elementor-element-588d599 elementor-widget elementor-widget-heading\" data-id=\"588d599\" data-element_type=\"widget\" data-e-type=\"widget\" data-widget_type=\"heading.default\">\n\t\t\t\t<div class=\"elementor-widget-container\">\n\t\t\t\t\t<h1 class=\"elementor-heading-title elementor-size-default\"><p>O que acontece se eu sofrer um acidente e meu <span style=\"color: #0097ce\">seguro de sa&uacute;de estiver em per&iacute;odo de car&ecirc;ncia?<\/span><\/p><\/h1>\t\t\t\t<\/div>\n\t\t\t\t<\/div>\n\t\t\t\t<div class=\"elementor-element elementor-element-c18868d elementor-widget elementor-widget-image\" data-id=\"c18868d\" data-element_type=\"widget\" data-e-type=\"widget\" data-settings=\"{&quot;_animation&quot;:&quot;none&quot;}\" data-widget_type=\"image.default\">\n\t\t\t\t<div class=\"elementor-widget-container\">\n\t\t\t\t\t\t\t\t\t\t\t\t\t\t\t<img fetchpriority=\"high\" decoding=\"async\" width=\"800\" height=\"443\" src=\"https:\/\/blog.vumigroup.com\/wp-content\/uploads\/2023\/03\/What-happens-if-I-have-an-accident.jpg\" class=\"attachment-large size-large wp-image-5152\" alt=\"\" srcset=\"https:\/\/blog.vumigroup.com\/wp-content\/uploads\/2023\/03\/What-happens-if-I-have-an-accident.jpg 945w, https:\/\/blog.vumigroup.com\/wp-content\/uploads\/2023\/03\/What-happens-if-I-have-an-accident-300x166.jpg 300w, https:\/\/blog.vumigroup.com\/wp-content\/uploads\/2023\/03\/What-happens-if-I-have-an-accident-768x425.jpg 768w\" sizes=\"(max-width: 800px) 100vw, 800px\" \/>\t\t\t\t\t\t\t\t\t\t\t\t\t\t\t<\/div>\n\t\t\t\t<\/div>\n\t\t\t\t<div class=\"elementor-element elementor-element-c201338 elementor-widget elementor-widget-shortcode\" data-id=\"c201338\" data-element_type=\"widget\" data-e-type=\"widget\" data-widget_type=\"shortcode.default\">\n\t\t\t\t<div class=\"elementor-widget-container\">\n\t\t\t\t\t\t\t<div class=\"elementor-shortcode\">\n<button class=\"responsivevoice-button\" type=\"button\" title=\"ResponsiveVoice Tap to Start\/Stop Speech\" data-rvtts-action=\"speak\" data-rvtts-text=\"O que acontece se eu sofrer um acidente e meu seguro de sa\u00fade estiver em per\u00edodo de car\u00eancia? Mesmo que cuidemos da nossa sa\u00fade, um acidente sempre pode nos pegar de surpresa. A seguir, explicamos que tipo de cobertura seu seguro internacional de sa\u00fade pode ihe oferecer\u00a0 em caso de acidente durante o per\u00edodo de car\u00eancia. O que \u00e9 o per\u00edodo de car\u00eancia? O per\u00edodo de car\u00eancia \u00e9 um tempo estabelecido pela ap\u00f3lice, no qual a cobertura do seguro ainda n\u00e3o est\u00e1 ativa e, portanto, est\u00e1 exclu\u00edda a cobertura de alguns benef\u00edcios. Ocorre entre o momento em que a ap\u00f3lice entra em vigor, ou seja, a partir da data de sua emiss\u00e3o, e o momento em que o segurado pode come\u00e7ar a receber assist\u00eancia m\u00e9dica e usufruir de todos os benef\u00edcios de sua ap\u00f3lice. Um bom exemplo para entender este conceito \u00e9 atrav\u00e9s do per\u00edodo de car\u00eancia para cobertura de gesta\u00e7\u00f5es e cuidados de maternidade. Geralmente s\u00e3o 10 meses, com os quais se pode garantir que a gravidez ocorreu durante a vig\u00eancia da ap\u00f3lice e n\u00e3o antes de adquiri-la. E se eu sofrer um acidente durante este per\u00edodo? Com a VUMI\u00ae voc\u00ea estar\u00e1 sempre protegido. Embora todas as nossas ap\u00f3lices tenham um per\u00edodo de car\u00eancia geral de 30 dias - a partir da data efetiva da cobertura -, se o segurado sofrer uma les\u00e3o causada por um acidente durante esse per\u00edodo, ele ter\u00e1 um valor definido de cobertura para seu tratamento. Isso tamb\u00e9m se aplica caso o segurado manifeste pela primeira vez nesse per\u00edodo alguma doen\u00e7a de origem infecciosa. \u00c9 poss\u00edvel evitar o per\u00edodo de car\u00eancia para outras doen\u00e7as e condi\u00e7\u00f5es? Sim, com as ap\u00f3lices da VUMI\u00ae voc\u00ea evita o per\u00edodo de car\u00eancia para outras doen\u00e7as e condi\u00e7\u00f5es caso, no momento da contrata\u00e7\u00e3o da ap\u00f3lice, voc\u00ea tenha um plano de sa\u00fade internacional com outra seguradora. Isso permite que tenhamos o hist\u00f3rico completo da sua cobertura de sa\u00fade e saibamos com mais certeza o estado de sa\u00fade em que voc\u00ea se encontra. Para mais informa\u00e7\u00f5es sobre per\u00edodos de car\u00eancia e cobertura de nossos planos, consulte seu consultor de seguros.\" data-rvtts-voice=\"Portuguese Female\" data-rvtts-brand-url=\"https:\/\/responsivevoice.org\/?utm_source=wordpress-plugin&amp;utm_medium=referral&amp;utm_campaign=powered-by\" data-rvtts-brand-label=\"Powered by ResponsiveVoice\"><svg class=\"rvtts-icon\" width=\"22\" height=\"22\" viewBox=\"0 0 22 22\" fill=\"currentColor\" aria-hidden=\"true\" focusable=\"false\"><path fill-rule=\"evenodd\" clip-rule=\"evenodd\" d=\"M11 0C4.92345 0 0 4.92345 0 11C0 13.2683 0.690345 15.3772 1.86621 17.1221L0.811724 21.0517L4.70345 20.0124C6.48621 21.2641 8.65586 22 11 22C17.0766 22 22 17.0766 22 11C22 4.92345 17.0766 0 11 0ZM3.99793 9.99862C3.99793 9.44483 4.44552 8.99724 4.99931 8.99724C5.5531 8.99724 6.00069 9.44483 6.00069 9.99862V12.0014C6.00069 12.5552 5.5531 13.0028 4.99931 13.0028C4.44552 13.0028 3.99793 12.5552 3.99793 12.0014V9.99862ZM8.99724 13.9966C8.99724 14.5503 8.54966 14.9979 7.99586 14.9979C7.44207 14.9979 6.99448 14.5503 6.99448 13.9966V7.99586C6.99448 7.44207 7.44207 6.99448 7.99586 6.99448C8.54966 6.99448 8.99724 7.44207 8.99724 7.99586V13.9966ZM12.0014 17.0007C12.0014 17.5545 11.5538 18.0021 11 18.0021C10.4462 18.0021 9.99862 17.5545 9.99862 17.0007V4.99931C9.99862 4.44552 10.4462 3.99793 11 3.99793C11.5538 3.99793 12.0014 4.44552 12.0014 4.99931V17.0007ZM14.9979 13.9966C14.9979 14.5503 14.5503 14.9979 13.9966 14.9979C13.4428 14.9979 12.9952 14.5503 12.9952 13.9966V7.99586C12.9952 7.44207 13.4428 6.99448 13.9966 6.99448C14.5503 6.99448 14.9979 7.44207 14.9979 7.99586V13.9966ZM18.0021 12.0014C18.0021 12.5552 17.5545 13.0028 17.0007 13.0028C16.4469 13.0028 15.9993 12.5552 15.9993 12.0014V9.99862C15.9993 9.44483 16.4469 8.99724 17.0007 8.99724C17.5545 8.99724 18.0021 9.44483 18.0021 9.99862V12.0014Z\"\/><\/svg><span class=\"responsivevoice-button__label\">Ouvir o artigo<\/span><\/button>\n<\/div>\n\t\t\t\t\t\t<\/div>\n\t\t\t\t<\/div>\n\t\t\t\t<div class=\"elementor-element elementor-element-43c5582 elementor-widget elementor-widget-text-editor\" data-id=\"43c5582\" data-element_type=\"widget\" data-e-type=\"widget\" data-widget_type=\"text-editor.default\">\n\t\t\t\t<div class=\"elementor-widget-container\">\n\t\t\t\t\t\t\t\t\t<p>Mesmo que cuidemos da nossa sa\u00fade, um acidente sempre pode nos pegar de surpresa. A seguir, explicamos que tipo de cobertura seu seguro internacional de sa\u00fade pode ihe oferecer\u00a0 em caso de acidente durante o per\u00edodo de car\u00eancia.<\/p>\t\t\t\t\t\t\t\t<\/div>\n\t\t\t\t<\/div>\n\t\t\t\t<div class=\"elementor-element elementor-element-5f10f95 elementor-widget-divider--view-line elementor-widget elementor-widget-divider\" data-id=\"5f10f95\" data-element_type=\"widget\" data-e-type=\"widget\" data-widget_type=\"divider.default\">\n\t\t\t\t<div class=\"elementor-widget-container\">\n\t\t\t\t\t\t\t<div class=\"elementor-divider\">\n\t\t\t<span class=\"elementor-divider-separator\">\n\t\t\t\t\t\t<\/span>\n\t\t<\/div>\n\t\t\t\t\t\t<\/div>\n\t\t\t\t<\/div>\n\t\t\t\t\t<\/div>\n\t\t<\/div>\n\t\t\t\t\t<\/div>\n\t\t<\/section>\n\t\t\t\t<section class=\"elementor-section elementor-top-section elementor-element elementor-element-7875f01 elementor-section-boxed elementor-section-height-default elementor-section-height-default elementor-invisible\" data-id=\"7875f01\" data-element_type=\"section\" data-e-type=\"section\" data-settings=\"{&quot;animation&quot;:&quot;fadeIn&quot;,&quot;_ha_eqh_enable&quot;:false}\">\n\t\t\t\t\t\t<div class=\"elementor-container elementor-column-gap-default\">\n\t\t\t\t\t<div class=\"elementor-column elementor-col-50 elementor-top-column elementor-element elementor-element-2c25a62\" data-id=\"2c25a62\" data-element_type=\"column\" data-e-type=\"column\">\n\t\t\t<div class=\"elementor-widget-wrap elementor-element-populated\">\n\t\t\t\t\t\t<div class=\"elementor-element elementor-element-eebcbfe elementor-widget elementor-widget-image\" data-id=\"eebcbfe\" data-element_type=\"widget\" data-e-type=\"widget\" data-widget_type=\"image.default\">\n\t\t\t\t<div class=\"elementor-widget-container\">\n\t\t\t\t\t\t\t\t\t\t\t\t\t\t\t<img decoding=\"async\" width=\"430\" height=\"352\" src=\"https:\/\/blog.vumigroup.com\/wp-content\/uploads\/2023\/03\/1What-happens-if-I-have-an-accident.png\" class=\"attachment-large size-large wp-image-5140\" alt=\"\" srcset=\"https:\/\/blog.vumigroup.com\/wp-content\/uploads\/2023\/03\/1What-happens-if-I-have-an-accident.png 430w, https:\/\/blog.vumigroup.com\/wp-content\/uploads\/2023\/03\/1What-happens-if-I-have-an-accident-300x246.png 300w\" sizes=\"(max-width: 430px) 100vw, 430px\" \/>\t\t\t\t\t\t\t\t\t\t\t\t\t\t\t<\/div>\n\t\t\t\t<\/div>\n\t\t\t\t\t<\/div>\n\t\t<\/div>\n\t\t\t\t<div class=\"elementor-column elementor-col-50 elementor-top-column elementor-element elementor-element-c19f7f3\" data-id=\"c19f7f3\" data-element_type=\"column\" data-e-type=\"column\">\n\t\t\t<div class=\"elementor-widget-wrap elementor-element-populated\">\n\t\t\t\t\t\t<div class=\"elementor-element elementor-element-8b7dd63 elementor-widget elementor-widget-heading\" data-id=\"8b7dd63\" data-element_type=\"widget\" data-e-type=\"widget\" data-widget_type=\"heading.default\">\n\t\t\t\t<div class=\"elementor-widget-container\">\n\t\t\t\t\t<h2 class=\"elementor-heading-title elementor-size-default\">O que \u00e9 o per\u00edodo de car\u00eancia?<\/h2>\t\t\t\t<\/div>\n\t\t\t\t<\/div>\n\t\t\t\t<div class=\"elementor-element elementor-element-c33ede6 elementor-widget elementor-widget-text-editor\" data-id=\"c33ede6\" data-element_type=\"widget\" data-e-type=\"widget\" data-widget_type=\"text-editor.default\">\n\t\t\t\t<div class=\"elementor-widget-container\">\n\t\t\t\t\t\t\t\t\t<p><strong>O per\u00edodo de car\u00eancia \u00e9 um tempo estabelecido pela ap\u00f3lice<\/strong>,<strong> no qual a cobertura do seguro<\/strong> <strong>ainda n\u00e3o est\u00e1 ativa <\/strong>e, portanto, est\u00e1 exclu\u00edda a cobertura de alguns benef\u00edcios.<\/p><p>Ocorre entre o momento em que a ap\u00f3lice entra em vigor, ou seja, a partir da data de sua emiss\u00e3o, e o momento em que o segurado pode come\u00e7ar a receber assist\u00eancia m\u00e9dica e usufruir de todos os benef\u00edcios de sua ap\u00f3lice.<\/p><p>Um bom exemplo para entender este conceito \u00e9 atrav\u00e9s do per\u00edodo de car\u00eancia para cobertura de gesta\u00e7\u00f5es e cuidados de maternidade. Geralmente s\u00e3o 10 meses, com os quais se pode garantir que a gravidez ocorreu durante a vig\u00eancia da ap\u00f3lice e n\u00e3o antes de adquiri-la.<\/p>\t\t\t\t\t\t\t\t<\/div>\n\t\t\t\t<\/div>\n\t\t\t\t\t<\/div>\n\t\t<\/div>\n\t\t\t\t\t<\/div>\n\t\t<\/section>\n\t\t\t\t<section class=\"elementor-section elementor-top-section elementor-element elementor-element-75ed0ef elementor-section-boxed elementor-section-height-default elementor-section-height-default\" data-id=\"75ed0ef\" data-element_type=\"section\" data-e-type=\"section\" data-settings=\"{&quot;_ha_eqh_enable&quot;:false}\">\n\t\t\t\t\t\t<div class=\"elementor-container elementor-column-gap-default\">\n\t\t\t\t\t<div class=\"elementor-column elementor-col-100 elementor-top-column elementor-element elementor-element-692f53e\" data-id=\"692f53e\" data-element_type=\"column\" data-e-type=\"column\">\n\t\t\t<div class=\"elementor-widget-wrap elementor-element-populated\">\n\t\t\t\t\t\t<div class=\"elementor-element elementor-element-71e38f8 elementor-widget-divider--view-line elementor-widget elementor-widget-divider\" data-id=\"71e38f8\" data-element_type=\"widget\" data-e-type=\"widget\" data-widget_type=\"divider.default\">\n\t\t\t\t<div class=\"elementor-widget-container\">\n\t\t\t\t\t\t\t<div class=\"elementor-divider\">\n\t\t\t<span class=\"elementor-divider-separator\">\n\t\t\t\t\t\t<\/span>\n\t\t<\/div>\n\t\t\t\t\t\t<\/div>\n\t\t\t\t<\/div>\n\t\t\t\t\t<\/div>\n\t\t<\/div>\n\t\t\t\t\t<\/div>\n\t\t<\/section>\n\t\t\t\t<section class=\"elementor-section elementor-top-section elementor-element elementor-element-aaae900 elementor-section-boxed elementor-section-height-default elementor-section-height-default elementor-invisible\" data-id=\"aaae900\" data-element_type=\"section\" data-e-type=\"section\" data-settings=\"{&quot;animation&quot;:&quot;fadeIn&quot;,&quot;_ha_eqh_enable&quot;:false}\">\n\t\t\t\t\t\t<div class=\"elementor-container elementor-column-gap-default\">\n\t\t\t\t\t<div class=\"elementor-column elementor-col-50 elementor-top-column elementor-element elementor-element-825e78f\" data-id=\"825e78f\" data-element_type=\"column\" data-e-type=\"column\">\n\t\t\t<div class=\"elementor-widget-wrap elementor-element-populated\">\n\t\t\t\t\t\t<div class=\"elementor-element elementor-element-eec701e elementor-widget elementor-widget-heading\" data-id=\"eec701e\" data-element_type=\"widget\" data-e-type=\"widget\" data-widget_type=\"heading.default\">\n\t\t\t\t<div class=\"elementor-widget-container\">\n\t\t\t\t\t<h2 class=\"elementor-heading-title elementor-size-default\">E se eu sofrer um acidente durante este per\u00edodo?<\/h2>\t\t\t\t<\/div>\n\t\t\t\t<\/div>\n\t\t\t\t<div class=\"elementor-element elementor-element-525252f elementor-widget elementor-widget-text-editor\" data-id=\"525252f\" data-element_type=\"widget\" data-e-type=\"widget\" data-widget_type=\"text-editor.default\">\n\t\t\t\t<div class=\"elementor-widget-container\">\n\t\t\t\t\t\t\t\t\t<p><strong>Com a VUMI<sup>\u00ae<\/sup> voc\u00ea estar\u00e1 sempre protegido.<\/strong><\/p><p>Embora todas as nossas ap\u00f3lices tenham um per\u00edodo de car\u00eancia geral de 30 dias &#8211; a partir da data efetiva da cobertura -, se o segurado sofrer uma les\u00e3o causada por um acidente durante esse per\u00edodo, ele ter\u00e1 um valor definido de cobertura para seu tratamento.<\/p><p>Isso tamb\u00e9m se aplica caso o segurado manifeste pela primeira vez nesse per\u00edodo alguma doen\u00e7a de origem infecciosa.<\/p>\t\t\t\t\t\t\t\t<\/div>\n\t\t\t\t<\/div>\n\t\t\t\t\t<\/div>\n\t\t<\/div>\n\t\t\t\t<div class=\"elementor-column elementor-col-50 elementor-top-column elementor-element elementor-element-15e5d68\" data-id=\"15e5d68\" data-element_type=\"column\" data-e-type=\"column\">\n\t\t\t<div class=\"elementor-widget-wrap elementor-element-populated\">\n\t\t\t\t\t\t<div class=\"elementor-element elementor-element-5f1c829 elementor-widget elementor-widget-image\" data-id=\"5f1c829\" data-element_type=\"widget\" data-e-type=\"widget\" data-widget_type=\"image.default\">\n\t\t\t\t<div class=\"elementor-widget-container\">\n\t\t\t\t\t\t\t\t\t\t\t\t\t\t\t<img decoding=\"async\" width=\"445\" height=\"352\" src=\"https:\/\/blog.vumigroup.com\/wp-content\/uploads\/2023\/03\/2What-happens-if-I-have-an-accident.png\" class=\"attachment-large size-large wp-image-5143\" alt=\"\" srcset=\"https:\/\/blog.vumigroup.com\/wp-content\/uploads\/2023\/03\/2What-happens-if-I-have-an-accident.png 445w, https:\/\/blog.vumigroup.com\/wp-content\/uploads\/2023\/03\/2What-happens-if-I-have-an-accident-300x237.png 300w\" sizes=\"(max-width: 445px) 100vw, 445px\" \/>\t\t\t\t\t\t\t\t\t\t\t\t\t\t\t<\/div>\n\t\t\t\t<\/div>\n\t\t\t\t\t<\/div>\n\t\t<\/div>\n\t\t\t\t\t<\/div>\n\t\t<\/section>\n\t\t\t\t<section class=\"elementor-section elementor-top-section elementor-element elementor-element-da12bb8 elementor-section-boxed elementor-section-height-default elementor-section-height-default\" data-id=\"da12bb8\" data-element_type=\"section\" data-e-type=\"section\" data-settings=\"{&quot;_ha_eqh_enable&quot;:false}\">\n\t\t\t\t\t\t<div class=\"elementor-container elementor-column-gap-default\">\n\t\t\t\t\t<div class=\"elementor-column elementor-col-100 elementor-top-column elementor-element elementor-element-b1af32c\" data-id=\"b1af32c\" data-element_type=\"column\" data-e-type=\"column\">\n\t\t\t<div class=\"elementor-widget-wrap elementor-element-populated\">\n\t\t\t\t\t\t<div class=\"elementor-element elementor-element-7836b45 elementor-widget-divider--view-line elementor-widget elementor-widget-divider\" data-id=\"7836b45\" data-element_type=\"widget\" data-e-type=\"widget\" data-widget_type=\"divider.default\">\n\t\t\t\t<div class=\"elementor-widget-container\">\n\t\t\t\t\t\t\t<div class=\"elementor-divider\">\n\t\t\t<span class=\"elementor-divider-separator\">\n\t\t\t\t\t\t<\/span>\n\t\t<\/div>\n\t\t\t\t\t\t<\/div>\n\t\t\t\t<\/div>\n\t\t\t\t\t<\/div>\n\t\t<\/div>\n\t\t\t\t\t<\/div>\n\t\t<\/section>\n\t\t\t\t<section class=\"elementor-section elementor-top-section elementor-element elementor-element-c0be93e elementor-section-boxed elementor-section-height-default elementor-section-height-default elementor-invisible\" data-id=\"c0be93e\" data-element_type=\"section\" data-e-type=\"section\" data-settings=\"{&quot;animation&quot;:&quot;fadeIn&quot;,&quot;_ha_eqh_enable&quot;:false}\">\n\t\t\t\t\t\t<div class=\"elementor-container elementor-column-gap-default\">\n\t\t\t\t\t<div class=\"elementor-column elementor-col-50 elementor-top-column elementor-element elementor-element-43ff2e3\" data-id=\"43ff2e3\" data-element_type=\"column\" data-e-type=\"column\">\n\t\t\t<div class=\"elementor-widget-wrap elementor-element-populated\">\n\t\t\t\t\t\t<div class=\"elementor-element elementor-element-661100f elementor-widget elementor-widget-image\" data-id=\"661100f\" data-element_type=\"widget\" data-e-type=\"widget\" data-widget_type=\"image.default\">\n\t\t\t\t<div class=\"elementor-widget-container\">\n\t\t\t\t\t\t\t\t\t\t\t\t\t\t\t<img loading=\"lazy\" decoding=\"async\" width=\"430\" height=\"352\" src=\"https:\/\/blog.vumigroup.com\/wp-content\/uploads\/2023\/03\/3What-happens-if-I-have-an-accident.png\" class=\"attachment-large size-large wp-image-5146\" alt=\"\" srcset=\"https:\/\/blog.vumigroup.com\/wp-content\/uploads\/2023\/03\/3What-happens-if-I-have-an-accident.png 430w, https:\/\/blog.vumigroup.com\/wp-content\/uploads\/2023\/03\/3What-happens-if-I-have-an-accident-300x246.png 300w\" sizes=\"(max-width: 430px) 100vw, 430px\" \/>\t\t\t\t\t\t\t\t\t\t\t\t\t\t\t<\/div>\n\t\t\t\t<\/div>\n\t\t\t\t\t<\/div>\n\t\t<\/div>\n\t\t\t\t<div class=\"elementor-column elementor-col-50 elementor-top-column elementor-element elementor-element-167121b\" data-id=\"167121b\" data-element_type=\"column\" data-e-type=\"column\">\n\t\t\t<div class=\"elementor-widget-wrap elementor-element-populated\">\n\t\t\t\t\t\t<div class=\"elementor-element elementor-element-44acd85 elementor-widget elementor-widget-heading\" data-id=\"44acd85\" data-element_type=\"widget\" data-e-type=\"widget\" data-widget_type=\"heading.default\">\n\t\t\t\t<div class=\"elementor-widget-container\">\n\t\t\t\t\t<h2 class=\"elementor-heading-title elementor-size-default\">\u00c9 poss\u00edvel evitar o per\u00edodo de car\u00eancia para outras doen\u00e7as e condi\u00e7\u00f5es?<\/h2>\t\t\t\t<\/div>\n\t\t\t\t<\/div>\n\t\t\t\t<div class=\"elementor-element elementor-element-670c591 elementor-widget elementor-widget-text-editor\" data-id=\"670c591\" data-element_type=\"widget\" data-e-type=\"widget\" data-widget_type=\"text-editor.default\">\n\t\t\t\t<div class=\"elementor-widget-container\">\n\t\t\t\t\t\t\t\t\t<p><strong>Sim, com as ap\u00f3lices da VUMI<sup>\u00ae<\/sup> voc\u00ea evita o per\u00edodo de car\u00eancia para outras doen\u00e7as e condi\u00e7\u00f5es caso<\/strong>, no momento da contrata\u00e7\u00e3o da ap\u00f3lice, voc\u00ea tenha um plano de sa\u00fade internacional com outra seguradora. Isso permite que tenhamos o hist\u00f3rico completo da sua cobertura de sa\u00fade e saibamos com mais certeza o estado de sa\u00fade em que voc\u00ea se encontra.<\/p><p>Para mais informa\u00e7\u00f5es sobre per\u00edodos de car\u00eancia e cobertura de nossos planos, consulte seu consultor de seguros.<\/p>\t\t\t\t\t\t\t\t<\/div>\n\t\t\t\t<\/div>\n\t\t\t\t\t<\/div>\n\t\t<\/div>\n\t\t\t\t\t<\/div>\n\t\t<\/section>\n\t\t\t\t<\/div>\n\t\t","protected":false},"excerpt":{"rendered":"<p>Mesmo que cuidemos da nossa sa\u00fade, um acidente sempre pode nos pegar de surpresa. A seguir&#8230;.<\/p>\n","protected":false},"author":3,"featured_media":5152,"comment_status":"open","ping_status":"open","sticky":false,"template":"","format":"standard","meta":{"page_builder":"","footnotes":""},"categories":[61],"tags":[95,96],"class_list":["post-5214","post","type-post","status-publish","format-standard","has-post-thumbnail","hentry","category-seguros-de-saude","tag-saude","tag-seguros-pt-pt"],"yoast_head":"<!-- This site is optimized with the Yoast SEO plugin v28.3 - https:\/\/yoast.com\/product\/yoast-seo-wordpress\/ -->\n<title>O que acontece se eu sofrer um acidente e meu seguro de sa\u00fade estiver em per\u00edodo de car\u00eancia? | Blog VUMI\u00ae<\/title>\n<meta name=\"description\" content=\"Mesmo que cuidemos da nossa sa\u00fade, um acidente sempre pode nos pegar de surpresa. A seguir, explicamos que tipo de cobertura seu...\" \/>\n<meta name=\"robots\" content=\"index, follow, max-snippet:-1, max-image-preview:large, max-video-preview:-1\" \/>\n<link rel=\"canonical\" href=\"https:\/\/blog.vumigroup.com\/pt-pt\/o-que-acontece-se-eu-sofrer-um-acidente-e-meu-seguro-de-saude-estiver-em-periodo-de-carencia\/\" \/>\n<meta property=\"og:locale\" content=\"pt_PT\" \/>\n<meta property=\"og:type\" content=\"article\" \/>\n<meta property=\"og:title\" content=\"O que acontece se eu sofrer um acidente e meu seguro de sa\u00fade estiver em per\u00edodo de car\u00eancia? | Blog VUMI\u00ae\" \/>\n<meta property=\"og:description\" content=\"Mesmo que cuidemos da nossa sa\u00fade, um acidente sempre pode nos pegar de surpresa. A seguir, explicamos que tipo de cobertura seu...\" \/>\n<meta property=\"og:url\" content=\"https:\/\/blog.vumigroup.com\/pt-pt\/o-que-acontece-se-eu-sofrer-um-acidente-e-meu-seguro-de-saude-estiver-em-periodo-de-carencia\/\" \/>\n<meta property=\"og:site_name\" content=\"Blog VUMI\u00ae\" \/>\n<meta property=\"article:publisher\" content=\"https:\/\/www.facebook.com\/VUMIGroup\" \/>\n<meta property=\"article:published_time\" content=\"2023-03-22T21:19:12+00:00\" \/>\n<meta property=\"article:modified_time\" content=\"2024-07-03T04:01:27+00:00\" \/>\n<meta property=\"og:image\" content=\"https:\/\/blog.vumigroup.com\/wp-content\/uploads\/2023\/03\/What-happens-if-I-have-an-accident.jpg\" \/>\n\t<meta property=\"og:image:width\" content=\"945\" \/>\n\t<meta property=\"og:image:height\" content=\"523\" \/>\n\t<meta property=\"og:image:type\" content=\"image\/jpeg\" \/>\n<meta name=\"author\" content=\"Javier Ligua\" \/>\n<meta name=\"twitter:card\" content=\"summary_large_image\" \/>\n<meta name=\"twitter:creator\" content=\"@vumigroup\" \/>\n<meta name=\"twitter:site\" content=\"@vumigroup\" \/>\n<meta name=\"twitter:label1\" content=\"Escrito por\" \/>\n\t<meta name=\"twitter:data1\" content=\"Javier Ligua\" \/>\n\t<meta name=\"twitter:label2\" content=\"Tempo estimado de leitura\" \/>\n\t<meta name=\"twitter:data2\" content=\"3 minutos\" \/>\n<script type=\"application\/ld+json\" class=\"yoast-schema-graph\">{\"@context\":\"https:\\\/\\\/schema.org\",\"@graph\":[{\"@type\":\"Article\",\"@id\":\"https:\\\/\\\/blog.vumigroup.com\\\/pt-pt\\\/o-que-acontece-se-eu-sofrer-um-acidente-e-meu-seguro-de-saude-estiver-em-periodo-de-carencia\\\/#article\",\"isPartOf\":{\"@id\":\"https:\\\/\\\/blog.vumigroup.com\\\/pt-pt\\\/o-que-acontece-se-eu-sofrer-um-acidente-e-meu-seguro-de-saude-estiver-em-periodo-de-carencia\\\/\"},\"author\":{\"name\":\"Javier Ligua\",\"@id\":\"https:\\\/\\\/blog.vumigroup.com\\\/#\\\/schema\\\/person\\\/3acc19e01d7e1e4fc984066f73d4009a\"},\"headline\":\"O que acontece se eu sofrer um acidente e meu seguro de sa\u00fade estiver em per\u00edodo de car\u00eancia?\",\"datePublished\":\"2023-03-22T21:19:12+00:00\",\"dateModified\":\"2024-07-03T04:01:27+00:00\",\"mainEntityOfPage\":{\"@id\":\"https:\\\/\\\/blog.vumigroup.com\\\/pt-pt\\\/o-que-acontece-se-eu-sofrer-um-acidente-e-meu-seguro-de-saude-estiver-em-periodo-de-carencia\\\/\"},\"wordCount\":430,\"commentCount\":0,\"publisher\":{\"@id\":\"https:\\\/\\\/blog.vumigroup.com\\\/#organization\"},\"image\":{\"@id\":\"https:\\\/\\\/blog.vumigroup.com\\\/pt-pt\\\/o-que-acontece-se-eu-sofrer-um-acidente-e-meu-seguro-de-saude-estiver-em-periodo-de-carencia\\\/#primaryimage\"},\"thumbnailUrl\":\"https:\\\/\\\/blog.vumigroup.com\\\/wp-content\\\/uploads\\\/2023\\\/03\\\/What-happens-if-I-have-an-accident.jpg\",\"keywords\":[\"sa\u00fade\",\"Seguros\"],\"articleSection\":[\"Seguros de sa\u00fade\"],\"inLanguage\":\"pt-PT\",\"potentialAction\":[{\"@type\":\"CommentAction\",\"name\":\"Comment\",\"target\":[\"https:\\\/\\\/blog.vumigroup.com\\\/pt-pt\\\/o-que-acontece-se-eu-sofrer-um-acidente-e-meu-seguro-de-saude-estiver-em-periodo-de-carencia\\\/#respond\"]}]},{\"@type\":\"WebPage\",\"@id\":\"https:\\\/\\\/blog.vumigroup.com\\\/pt-pt\\\/o-que-acontece-se-eu-sofrer-um-acidente-e-meu-seguro-de-saude-estiver-em-periodo-de-carencia\\\/\",\"url\":\"https:\\\/\\\/blog.vumigroup.com\\\/pt-pt\\\/o-que-acontece-se-eu-sofrer-um-acidente-e-meu-seguro-de-saude-estiver-em-periodo-de-carencia\\\/\",\"name\":\"O que acontece se eu sofrer um acidente e meu seguro de sa\u00fade estiver em per\u00edodo de car\u00eancia? | Blog VUMI\u00ae\",\"isPartOf\":{\"@id\":\"https:\\\/\\\/blog.vumigroup.com\\\/#website\"},\"primaryImageOfPage\":{\"@id\":\"https:\\\/\\\/blog.vumigroup.com\\\/pt-pt\\\/o-que-acontece-se-eu-sofrer-um-acidente-e-meu-seguro-de-saude-estiver-em-periodo-de-carencia\\\/#primaryimage\"},\"image\":{\"@id\":\"https:\\\/\\\/blog.vumigroup.com\\\/pt-pt\\\/o-que-acontece-se-eu-sofrer-um-acidente-e-meu-seguro-de-saude-estiver-em-periodo-de-carencia\\\/#primaryimage\"},\"thumbnailUrl\":\"https:\\\/\\\/blog.vumigroup.com\\\/wp-content\\\/uploads\\\/2023\\\/03\\\/What-happens-if-I-have-an-accident.jpg\",\"datePublished\":\"2023-03-22T21:19:12+00:00\",\"dateModified\":\"2024-07-03T04:01:27+00:00\",\"description\":\"Mesmo que cuidemos da nossa sa\u00fade, um acidente sempre pode nos pegar de surpresa. A seguir, explicamos que tipo de cobertura seu...\",\"breadcrumb\":{\"@id\":\"https:\\\/\\\/blog.vumigroup.com\\\/pt-pt\\\/o-que-acontece-se-eu-sofrer-um-acidente-e-meu-seguro-de-saude-estiver-em-periodo-de-carencia\\\/#breadcrumb\"},\"inLanguage\":\"pt-PT\",\"potentialAction\":[{\"@type\":\"ReadAction\",\"target\":[\"https:\\\/\\\/blog.vumigroup.com\\\/pt-pt\\\/o-que-acontece-se-eu-sofrer-um-acidente-e-meu-seguro-de-saude-estiver-em-periodo-de-carencia\\\/\"]}]},{\"@type\":\"ImageObject\",\"inLanguage\":\"pt-PT\",\"@id\":\"https:\\\/\\\/blog.vumigroup.com\\\/pt-pt\\\/o-que-acontece-se-eu-sofrer-um-acidente-e-meu-seguro-de-saude-estiver-em-periodo-de-carencia\\\/#primaryimage\",\"url\":\"https:\\\/\\\/blog.vumigroup.com\\\/wp-content\\\/uploads\\\/2023\\\/03\\\/What-happens-if-I-have-an-accident.jpg\",\"contentUrl\":\"https:\\\/\\\/blog.vumigroup.com\\\/wp-content\\\/uploads\\\/2023\\\/03\\\/What-happens-if-I-have-an-accident.jpg\",\"width\":945,\"height\":523},{\"@type\":\"BreadcrumbList\",\"@id\":\"https:\\\/\\\/blog.vumigroup.com\\\/pt-pt\\\/o-que-acontece-se-eu-sofrer-um-acidente-e-meu-seguro-de-saude-estiver-em-periodo-de-carencia\\\/#breadcrumb\",\"itemListElement\":[{\"@type\":\"ListItem\",\"position\":1,\"name\":\"Home\",\"item\":\"https:\\\/\\\/blog.vumigroup.com\\\/\"},{\"@type\":\"ListItem\",\"position\":2,\"name\":\"Seguros de sa\u00fade\",\"item\":\"https:\\\/\\\/blog.vumigroup.com\\\/pt-pt\\\/category\\\/seguros-de-saude\\\/\"},{\"@type\":\"ListItem\",\"position\":3,\"name\":\"O que acontece se eu sofrer um acidente e meu seguro de sa\u00fade estiver em per\u00edodo de car\u00eancia?\"}]},{\"@type\":\"WebSite\",\"@id\":\"https:\\\/\\\/blog.vumigroup.com\\\/#website\",\"url\":\"https:\\\/\\\/blog.vumigroup.com\\\/\",\"name\":\"Blog VUMI\u00ae\",\"description\":\"VIP Universal Medical Insurance Group\",\"publisher\":{\"@id\":\"https:\\\/\\\/blog.vumigroup.com\\\/#organization\"},\"potentialAction\":[{\"@type\":\"SearchAction\",\"target\":{\"@type\":\"EntryPoint\",\"urlTemplate\":\"https:\\\/\\\/blog.vumigroup.com\\\/?s={search_term_string}\"},\"query-input\":{\"@type\":\"PropertyValueSpecification\",\"valueRequired\":true,\"valueName\":\"search_term_string\"}}],\"inLanguage\":\"pt-PT\"},{\"@type\":\"Organization\",\"@id\":\"https:\\\/\\\/blog.vumigroup.com\\\/#organization\",\"name\":\"VUMI\u00ae\",\"url\":\"https:\\\/\\\/blog.vumigroup.com\\\/\",\"logo\":{\"@type\":\"ImageObject\",\"inLanguage\":\"pt-PT\",\"@id\":\"https:\\\/\\\/blog.vumigroup.com\\\/#\\\/schema\\\/logo\\\/image\\\/\",\"url\":\"https:\\\/\\\/blog.vumigroup.com\\\/wp-content\\\/uploads\\\/2022\\\/09\\\/cropped-Logo.png\",\"contentUrl\":\"https:\\\/\\\/blog.vumigroup.com\\\/wp-content\\\/uploads\\\/2022\\\/09\\\/cropped-Logo.png\",\"width\":301,\"height\":128,\"caption\":\"VUMI\u00ae\"},\"image\":{\"@id\":\"https:\\\/\\\/blog.vumigroup.com\\\/#\\\/schema\\\/logo\\\/image\\\/\"},\"sameAs\":[\"https:\\\/\\\/www.facebook.com\\\/VUMIGroup\",\"https:\\\/\\\/x.com\\\/vumigroup\",\"https:\\\/\\\/www.linkedin.com\\\/company\\\/vumi-group-ltd-\\\/mycompany\\\/verification\\\/\",\"https:\\\/\\\/www.youtube.com\\\/user\\\/VUMIGroup\",\"https:\\\/\\\/www.instagram.com\\\/vumi_group\\\/\"]},{\"@type\":\"Person\",\"@id\":\"https:\\\/\\\/blog.vumigroup.com\\\/#\\\/schema\\\/person\\\/3acc19e01d7e1e4fc984066f73d4009a\",\"name\":\"Javier Ligua\",\"image\":{\"@type\":\"ImageObject\",\"inLanguage\":\"pt-PT\",\"@id\":\"https:\\\/\\\/secure.gravatar.com\\\/avatar\\\/faf7625248b25887ac42ba6a3bf74f399c9474af87bb112ca4a56e1f6775c254?s=96&d=mm&r=g\",\"url\":\"https:\\\/\\\/secure.gravatar.com\\\/avatar\\\/faf7625248b25887ac42ba6a3bf74f399c9474af87bb112ca4a56e1f6775c254?s=96&d=mm&r=g\",\"contentUrl\":\"https:\\\/\\\/secure.gravatar.com\\\/avatar\\\/faf7625248b25887ac42ba6a3bf74f399c9474af87bb112ca4a56e1f6775c254?s=96&d=mm&r=g\",\"caption\":\"Javier Ligua\"},\"url\":\"https:\\\/\\\/blog.vumigroup.com\\\/pt-pt\\\/author\\\/javier-ligua\\\/\"}]}<\/script>\n<!-- \/ Yoast SEO plugin. -->","yoast_head_json":{"title":"O que acontece se eu sofrer um acidente e meu seguro de sa\u00fade estiver em per\u00edodo de car\u00eancia? | Blog VUMI\u00ae","description":"Mesmo que cuidemos da nossa sa\u00fade, um acidente sempre pode nos pegar de surpresa. A seguir, explicamos que tipo de cobertura seu...","robots":{"index":"index","follow":"follow","max-snippet":"max-snippet:-1","max-image-preview":"max-image-preview:large","max-video-preview":"max-video-preview:-1"},"canonical":"https:\/\/blog.vumigroup.com\/pt-pt\/o-que-acontece-se-eu-sofrer-um-acidente-e-meu-seguro-de-saude-estiver-em-periodo-de-carencia\/","og_locale":"pt_PT","og_type":"article","og_title":"O que acontece se eu sofrer um acidente e meu seguro de sa\u00fade estiver em per\u00edodo de car\u00eancia? | Blog VUMI\u00ae","og_description":"Mesmo que cuidemos da nossa sa\u00fade, um acidente sempre pode nos pegar de surpresa. A seguir, explicamos que tipo de cobertura seu...","og_url":"https:\/\/blog.vumigroup.com\/pt-pt\/o-que-acontece-se-eu-sofrer-um-acidente-e-meu-seguro-de-saude-estiver-em-periodo-de-carencia\/","og_site_name":"Blog VUMI\u00ae","article_publisher":"https:\/\/www.facebook.com\/VUMIGroup","article_published_time":"2023-03-22T21:19:12+00:00","article_modified_time":"2024-07-03T04:01:27+00:00","og_image":[{"width":945,"height":523,"url":"https:\/\/blog.vumigroup.com\/wp-content\/uploads\/2023\/03\/What-happens-if-I-have-an-accident.jpg","type":"image\/jpeg"}],"author":"Javier Ligua","twitter_card":"summary_large_image","twitter_creator":"@vumigroup","twitter_site":"@vumigroup","twitter_misc":{"Escrito por":"Javier Ligua","Tempo estimado de leitura":"3 minutos"},"schema":{"@context":"https:\/\/schema.org","@graph":[{"@type":"Article","@id":"https:\/\/blog.vumigroup.com\/pt-pt\/o-que-acontece-se-eu-sofrer-um-acidente-e-meu-seguro-de-saude-estiver-em-periodo-de-carencia\/#article","isPartOf":{"@id":"https:\/\/blog.vumigroup.com\/pt-pt\/o-que-acontece-se-eu-sofrer-um-acidente-e-meu-seguro-de-saude-estiver-em-periodo-de-carencia\/"},"author":{"name":"Javier Ligua","@id":"https:\/\/blog.vumigroup.com\/#\/schema\/person\/3acc19e01d7e1e4fc984066f73d4009a"},"headline":"O que acontece se eu sofrer um acidente e meu seguro de sa\u00fade estiver em per\u00edodo de car\u00eancia?","datePublished":"2023-03-22T21:19:12+00:00","dateModified":"2024-07-03T04:01:27+00:00","mainEntityOfPage":{"@id":"https:\/\/blog.vumigroup.com\/pt-pt\/o-que-acontece-se-eu-sofrer-um-acidente-e-meu-seguro-de-saude-estiver-em-periodo-de-carencia\/"},"wordCount":430,"commentCount":0,"publisher":{"@id":"https:\/\/blog.vumigroup.com\/#organization"},"image":{"@id":"https:\/\/blog.vumigroup.com\/pt-pt\/o-que-acontece-se-eu-sofrer-um-acidente-e-meu-seguro-de-saude-estiver-em-periodo-de-carencia\/#primaryimage"},"thumbnailUrl":"https:\/\/blog.vumigroup.com\/wp-content\/uploads\/2023\/03\/What-happens-if-I-have-an-accident.jpg","keywords":["sa\u00fade","Seguros"],"articleSection":["Seguros de sa\u00fade"],"inLanguage":"pt-PT","potentialAction":[{"@type":"CommentAction","name":"Comment","target":["https:\/\/blog.vumigroup.com\/pt-pt\/o-que-acontece-se-eu-sofrer-um-acidente-e-meu-seguro-de-saude-estiver-em-periodo-de-carencia\/#respond"]}]},{"@type":"WebPage","@id":"https:\/\/blog.vumigroup.com\/pt-pt\/o-que-acontece-se-eu-sofrer-um-acidente-e-meu-seguro-de-saude-estiver-em-periodo-de-carencia\/","url":"https:\/\/blog.vumigroup.com\/pt-pt\/o-que-acontece-se-eu-sofrer-um-acidente-e-meu-seguro-de-saude-estiver-em-periodo-de-carencia\/","name":"O que acontece se eu sofrer um acidente e meu seguro de sa\u00fade estiver em per\u00edodo de car\u00eancia? | Blog VUMI\u00ae","isPartOf":{"@id":"https:\/\/blog.vumigroup.com\/#website"},"primaryImageOfPage":{"@id":"https:\/\/blog.vumigroup.com\/pt-pt\/o-que-acontece-se-eu-sofrer-um-acidente-e-meu-seguro-de-saude-estiver-em-periodo-de-carencia\/#primaryimage"},"image":{"@id":"https:\/\/blog.vumigroup.com\/pt-pt\/o-que-acontece-se-eu-sofrer-um-acidente-e-meu-seguro-de-saude-estiver-em-periodo-de-carencia\/#primaryimage"},"thumbnailUrl":"https:\/\/blog.vumigroup.com\/wp-content\/uploads\/2023\/03\/What-happens-if-I-have-an-accident.jpg","datePublished":"2023-03-22T21:19:12+00:00","dateModified":"2024-07-03T04:01:27+00:00","description":"Mesmo que cuidemos da nossa sa\u00fade, um acidente sempre pode nos pegar de surpresa. A seguir, explicamos que tipo de cobertura seu...","breadcrumb":{"@id":"https:\/\/blog.vumigroup.com\/pt-pt\/o-que-acontece-se-eu-sofrer-um-acidente-e-meu-seguro-de-saude-estiver-em-periodo-de-carencia\/#breadcrumb"},"inLanguage":"pt-PT","potentialAction":[{"@type":"ReadAction","target":["https:\/\/blog.vumigroup.com\/pt-pt\/o-que-acontece-se-eu-sofrer-um-acidente-e-meu-seguro-de-saude-estiver-em-periodo-de-carencia\/"]}]},{"@type":"ImageObject","inLanguage":"pt-PT","@id":"https:\/\/blog.vumigroup.com\/pt-pt\/o-que-acontece-se-eu-sofrer-um-acidente-e-meu-seguro-de-saude-estiver-em-periodo-de-carencia\/#primaryimage","url":"https:\/\/blog.vumigroup.com\/wp-content\/uploads\/2023\/03\/What-happens-if-I-have-an-accident.jpg","contentUrl":"https:\/\/blog.vumigroup.com\/wp-content\/uploads\/2023\/03\/What-happens-if-I-have-an-accident.jpg","width":945,"height":523},{"@type":"BreadcrumbList","@id":"https:\/\/blog.vumigroup.com\/pt-pt\/o-que-acontece-se-eu-sofrer-um-acidente-e-meu-seguro-de-saude-estiver-em-periodo-de-carencia\/#breadcrumb","itemListElement":[{"@type":"ListItem","position":1,"name":"Home","item":"https:\/\/blog.vumigroup.com\/"},{"@type":"ListItem","position":2,"name":"Seguros de sa\u00fade","item":"https:\/\/blog.vumigroup.com\/pt-pt\/category\/seguros-de-saude\/"},{"@type":"ListItem","position":3,"name":"O que acontece se eu sofrer um acidente e meu seguro de sa\u00fade estiver em per\u00edodo de car\u00eancia?"}]},{"@type":"WebSite","@id":"https:\/\/blog.vumigroup.com\/#website","url":"https:\/\/blog.vumigroup.com\/","name":"Blog VUMI\u00ae","description":"VIP Universal Medical Insurance Group","publisher":{"@id":"https:\/\/blog.vumigroup.com\/#organization"},"potentialAction":[{"@type":"SearchAction","target":{"@type":"EntryPoint","urlTemplate":"https:\/\/blog.vumigroup.com\/?s={search_term_string}"},"query-input":{"@type":"PropertyValueSpecification","valueRequired":true,"valueName":"search_term_string"}}],"inLanguage":"pt-PT"},{"@type":"Organization","@id":"https:\/\/blog.vumigroup.com\/#organization","name":"VUMI\u00ae","url":"https:\/\/blog.vumigroup.com\/","logo":{"@type":"ImageObject","inLanguage":"pt-PT","@id":"https:\/\/blog.vumigroup.com\/#\/schema\/logo\/image\/","url":"https:\/\/blog.vumigroup.com\/wp-content\/uploads\/2022\/09\/cropped-Logo.png","contentUrl":"https:\/\/blog.vumigroup.com\/wp-content\/uploads\/2022\/09\/cropped-Logo.png","width":301,"height":128,"caption":"VUMI\u00ae"},"image":{"@id":"https:\/\/blog.vumigroup.com\/#\/schema\/logo\/image\/"},"sameAs":["https:\/\/www.facebook.com\/VUMIGroup","https:\/\/x.com\/vumigroup","https:\/\/www.linkedin.com\/company\/vumi-group-ltd-\/mycompany\/verification\/","https:\/\/www.youtube.com\/user\/VUMIGroup","https:\/\/www.instagram.com\/vumi_group\/"]},{"@type":"Person","@id":"https:\/\/blog.vumigroup.com\/#\/schema\/person\/3acc19e01d7e1e4fc984066f73d4009a","name":"Javier Ligua","image":{"@type":"ImageObject","inLanguage":"pt-PT","@id":"https:\/\/secure.gravatar.com\/avatar\/faf7625248b25887ac42ba6a3bf74f399c9474af87bb112ca4a56e1f6775c254?s=96&d=mm&r=g","url":"https:\/\/secure.gravatar.com\/avatar\/faf7625248b25887ac42ba6a3bf74f399c9474af87bb112ca4a56e1f6775c254?s=96&d=mm&r=g","contentUrl":"https:\/\/secure.gravatar.com\/avatar\/faf7625248b25887ac42ba6a3bf74f399c9474af87bb112ca4a56e1f6775c254?s=96&d=mm&r=g","caption":"Javier Ligua"},"url":"https:\/\/blog.vumigroup.com\/pt-pt\/author\/javier-ligua\/"}]}},"_links":{"self":[{"href":"https:\/\/blog.vumigroup.com\/pt-pt\/wp-json\/wp\/v2\/posts\/5214","targetHints":{"allow":["GET"]}}],"collection":[{"href":"https:\/\/blog.vumigroup.com\/pt-pt\/wp-json\/wp\/v2\/posts"}],"about":[{"href":"https:\/\/blog.vumigroup.com\/pt-pt\/wp-json\/wp\/v2\/types\/post"}],"author":[{"embeddable":true,"href":"https:\/\/blog.vumigroup.com\/pt-pt\/wp-json\/wp\/v2\/users\/3"}],"replies":[{"embeddable":true,"href":"https:\/\/blog.vumigroup.com\/pt-pt\/wp-json\/wp\/v2\/comments?post=5214"}],"version-history":[{"count":24,"href":"https:\/\/blog.vumigroup.com\/pt-pt\/wp-json\/wp\/v2\/posts\/5214\/revisions"}],"predecessor-version":[{"id":7868,"href":"https:\/\/blog.vumigroup.com\/pt-pt\/wp-json\/wp\/v2\/posts\/5214\/revisions\/7868"}],"wp:attachment":[{"href":"https:\/\/blog.vumigroup.com\/pt-pt\/wp-json\/wp\/v2\/media?parent=5214"}],"wp:term":[{"taxonomy":"category","embeddable":true,"href":"https:\/\/blog.vumigroup.com\/pt-pt\/wp-json\/wp\/v2\/categories?post=5214"},{"taxonomy":"post_tag","embeddable":true,"href":"https:\/\/blog.vumigroup.com\/pt-pt\/wp-json\/wp\/v2\/tags?post=5214"}],"curies":[{"name":"wp","href":"https:\/\/api.w.org\/{rel}","templated":true}]}}